{"id":5855,"date":"2021-12-20T14:43:09","date_gmt":"2021-12-20T14:43:09","guid":{"rendered":"https:\/\/stanro.eu\/?p=5855"},"modified":"2021-12-20T14:43:09","modified_gmt":"2021-12-20T14:43:09","slug":"szeroka-gama-produktow-swiatecznych","status":"publish","type":"post","link":"https:\/\/stanro.eu\/szeroka-gama-produktow-swiatecznych\/","title":{"rendered":"Szeroka gama produkt\u00f3w \u015awi\u0105tecznych"},"content":{"rendered":"\n<p>Ju\u017c od ponad miesi\u0105ca w firmie <strong>Stanro <\/strong>znajda Pa\u0144stwo najbardziej po\u017c\u0105dane \u015awi\u0105teczne nowo\u015bci. W oczekiwaniu na \u015awi\u0119ta Bo\u017cego Narodzenia warto ju\u017c teraz zaopatrzy\u0107 si\u0119 w tradycyjne s\u0142odko\u015bci, kt\u00f3re przenios\u0105 rado\u015b\u0107 nie tylko podczas \u015bwi\u0105tecznej kolacji ale r\u00f3wnie\u017c w dniach poprzedzaj\u0105cych. W swojej ofercie posiadamy gam\u0119 <strong>Kalendarzy Adwentowych<\/strong>, bez kt\u00f3rych ci\u0119\u017cko przecie\u017c wyobrazi\u0107 sobie grudzie\u0144, <strong>\u015bwi\u0105teczne Ptasie Mleczko Wedla,<\/strong> <strong>Micha\u0142ki Wawela, czy pierniki Kopernika.<\/strong> Oferujemy r\u00f3wnie\u017c bardzo du\u017cy wyb\u00f3r specjalnych ciast z wielu znanych cukierni, takich jak <strong>Cukiernia Nova, Daber czy u Janeczki<\/strong>, gdzie mog\u0105 ju\u017c dzi\u015b zam\u00f3wi\u0107 Pa\u0144stwo \u015bwi\u0105teczne <strong>serniki, makowce, pierniki, oraz ciasta z kremem.<\/strong><\/p>\n\n\n\n<p>Na kolacje Wigilijna proponujemy najwy\u017cszej jako\u015bci garma\u017cerk\u0119 firmy <strong>Gastronom<\/strong>, gdzie dost\u0119pne b\u0119d\u0105 <strong>pierogi, krokiety, bigos i tradycyjne uszka<\/strong> a tak\u017ce <strong>u J\u0119drusia<\/strong>, z asortymentem pierog\u00f3w, nie tylko tradycyjnych ale r\u00f3wnie\u017c wegetaria\u0144skich. Firma <strong>Bac\u00f3wka<\/strong> oferuje w tym sezonie domowej roboty bigos jako nowo\u015b\u0107 na rynku.<\/p>\n\n\n\n<p>Jednak \u015awi\u0119ta to nie tylko przygotowania kulinarne. Dla najm\u0142odszych oferujemy <strong>ksi\u0105\u017ceczki do kolorowania, \u015bwi\u0105teczne bajki i zabawki<\/strong>, a dla starszych zestawy prezentowe i kosmetyczne z firm<strong> Ziaja i Green Pharmacy<\/strong>. Do przygotowania \u015bwi\u0105tecznego sto\u0142u znajdziecie u Nas Pa\u0144stwo obrusy, \u015bwi\u0105teczne serwetki oraz ozdoby a do przygotowania si\u0119 do Wigilii <strong>torby oraz papiery do pakowania prezent\u00f3 oraz elementy do ozdoby dom\u00f3w. <\/strong>W\u0142a\u015bciciele sklep\u00f3w i biznes\u00f3w znajda u Nas elementy wyposa\u017cenia takie jak \u015bwi\u0105teczne cenowki, oznaczenia polek oraz ulotki promocyjne. I nie zapominajmy o najwa\u017cniejszym \u2013 w Naszej ofercie dost\u0119pne oczywi\u015bcie <strong>op\u0142atki i sianko wigilijne<\/strong>.<\/p>\n\n\n\n<p>Oferta b\u0119dzie dost\u0119pna do ko\u0144ca grudnia.<\/p>\n","protected":false},"excerpt":"Ju\u017c od ponad miesi\u0105ca w firmie Stanro znajda Pa\u0144stwo najbardziej po\u017c\u0105dane \u015awi\u0105teczne nowo\u015bci. W oczekiwaniu na \u015awi\u0119ta Bo\u017cego Narodzenia warto ju\u017c teraz zaopatrzy\u0107 si\u0119 w tradycyjne s\u0142odko\u015bci, kt\u00f3re przenios\u0105 rado\u015b\u0107 nie tylko podczas \u015bwi\u0105tecznej kolacji ale r\u00f3wnie\u017c w dniach poprzedzaj\u0105cych. W swojej ofercie posiadamy gam\u0119 Kalendarzy Adwentowych, bez kt\u00f3rych ci\u0119\u017cko przecie\u017c wyobrazi\u0107 sobie grudzie\u0144, \u015bwi\u0105teczne [&hellip;]","author":2,"featured_media":1704,"comment_status":"closed","ping_status":"closed","sticky":false,"template":"","format":"standard","meta":{"inline_featured_image":false,"editor_plus_copied_stylings":"{}","footnotes":""},"categories":[11],"tags":[],"yoast_head":"<!-- This site is optimized with the Yoast SEO plugin v22.3 - https:\/\/yoast.com\/wordpress\/plugins\/seo\/ -->\n<title>Szeroka gama produkt\u00f3w \u015awi\u0105tecznych - MPT Stanro<\/title>\n<meta name=\"robots\" content=\"index, follow, max-snippet:-1, max-image-preview:large, max-video-preview:-1\" \/>\n<link rel=\"canonical\" href=\"https:\/\/stanro.eu\/a-wide-range-of-holiday-products\/\" \/>\n<meta property=\"og:locale\" content=\"pl_PL\" \/>\n<meta property=\"og:type\" content=\"article\" \/>\n<meta property=\"og:title\" content=\"Szeroka gama produkt\u00f3w \u015awi\u0105tecznych - MPT Stanro\" \/>\n<meta property=\"og:description\" content=\"Ju\u017c od ponad miesi\u0105ca w firmie Stanro znajda Pa\u0144stwo najbardziej po\u017c\u0105dane \u015awi\u0105teczne nowo\u015bci. W oczekiwaniu na \u015awi\u0119ta Bo\u017cego Narodzenia warto ju\u017c teraz zaopatrzy\u0107 si\u0119 w tradycyjne s\u0142odko\u015bci, kt\u00f3re przenios\u0105 rado\u015b\u0107 nie tylko podczas \u015bwi\u0105tecznej kolacji ale r\u00f3wnie\u017c w dniach poprzedzaj\u0105cych. W swojej ofercie posiadamy gam\u0119 Kalendarzy Adwentowych, bez kt\u00f3rych ci\u0119\u017cko przecie\u017c wyobrazi\u0107 sobie grudzie\u0144, \u015bwi\u0105teczne [&hellip;]\" \/>\n<meta property=\"og:url\" content=\"https:\/\/stanro.eu\/a-wide-range-of-holiday-products\/\" \/>\n<meta property=\"og:site_name\" content=\"stanro.eu\" \/>\n<meta property=\"article:published_time\" content=\"2021-12-20T14:43:09+00:00\" \/>\n<meta property=\"og:image\" content=\"https:\/\/stanro.eu\/wp-content\/uploads\/2020\/04\/kalendarz-adwentowy-main-1.jpg\" \/>\n\t<meta property=\"og:image:width\" content=\"900\" \/>\n\t<meta property=\"og:image:height\" content=\"900\" \/>\n\t<meta property=\"og:image:type\" content=\"image\/jpeg\" \/>\n<meta name=\"author\" content=\"Jakub Stanisz\" \/>\n<meta name=\"twitter:card\" content=\"summary_large_image\" \/>\n<meta name=\"twitter:label1\" content=\"Napisane przez\" \/>\n\t<meta name=\"twitter:data1\" content=\"Jakub Stanisz\" \/>\n\t<meta name=\"twitter:label2\" content=\"Szacowany czas czytania\" \/>\n\t<meta name=\"twitter:data2\" content=\"1 minuta\" \/>\n<script type=\"application\/ld+json\" class=\"yoast-schema-graph\">{\"@context\":\"https:\/\/schema.org\",\"@graph\":[{\"@type\":\"WebPage\",\"@id\":\"https:\/\/stanro.eu\/en\/a-wide-range-of-holiday-products\/\",\"url\":\"https:\/\/stanro.eu\/en\/a-wide-range-of-holiday-products\/\",\"name\":\"Szeroka gama produkt\u00f3w \u015awi\u0105tecznych - MPT Stanro\",\"isPartOf\":{\"@id\":\"https:\/\/stanro.eu\/en\/#website\"},\"primaryImageOfPage\":{\"@id\":\"https:\/\/stanro.eu\/en\/a-wide-range-of-holiday-products\/#primaryimage\"},\"image\":{\"@id\":\"https:\/\/stanro.eu\/en\/a-wide-range-of-holiday-products\/#primaryimage\"},\"thumbnailUrl\":\"https:\/\/stanro.eu\/wp-content\/uploads\/2020\/04\/kalendarz-adwentowy-main-1.jpg\",\"datePublished\":\"2021-12-20T14:43:09+00:00\",\"dateModified\":\"2021-12-20T14:43:09+00:00\",\"author\":{\"@id\":\"https:\/\/stanro.eu\/en\/#\/schema\/person\/924fd971ccd44626a0c9e00aa67e0997\"},\"breadcrumb\":{\"@id\":\"https:\/\/stanro.eu\/en\/a-wide-range-of-holiday-products\/#breadcrumb\"},\"inLanguage\":\"pl-PL\",\"potentialAction\":[{\"@type\":\"ReadAction\",\"target\":[\"https:\/\/stanro.eu\/en\/a-wide-range-of-holiday-products\/\"]}]},{\"@type\":\"ImageObject\",\"inLanguage\":\"pl-PL\",\"@id\":\"https:\/\/stanro.eu\/en\/a-wide-range-of-holiday-products\/#primaryimage\",\"url\":\"https:\/\/stanro.eu\/wp-content\/uploads\/2020\/04\/kalendarz-adwentowy-main-1.jpg\",\"contentUrl\":\"https:\/\/stanro.eu\/wp-content\/uploads\/2020\/04\/kalendarz-adwentowy-main-1.jpg\",\"width\":900,\"height\":900,\"caption\":\"Kalendarz Adwentowy\"},{\"@type\":\"BreadcrumbList\",\"@id\":\"https:\/\/stanro.eu\/en\/a-wide-range-of-holiday-products\/#breadcrumb\",\"itemListElement\":[{\"@type\":\"ListItem\",\"position\":1,\"name\":\"Strona g\u0142\u00f3wna\",\"item\":\"https:\/\/stanro.eu\/\"},{\"@type\":\"ListItem\",\"position\":2,\"name\":\"Szeroka gama produkt\u00f3w \u015awi\u0105tecznych\"}]},{\"@type\":\"WebSite\",\"@id\":\"https:\/\/stanro.eu\/en\/#website\",\"url\":\"https:\/\/stanro.eu\/en\/\",\"name\":\"MPT Stanro\",\"description\":\"\",\"potentialAction\":[{\"@type\":\"SearchAction\",\"target\":{\"@type\":\"EntryPoint\",\"urlTemplate\":\"https:\/\/stanro.eu\/en\/?s={search_term_string}\"},\"query-input\":\"required name=search_term_string\"}],\"inLanguage\":\"pl-PL\"},{\"@type\":\"Person\",\"@id\":\"https:\/\/stanro.eu\/en\/#\/schema\/person\/924fd971ccd44626a0c9e00aa67e0997\",\"name\":\"Jakub Stanisz\",\"image\":{\"@type\":\"ImageObject\",\"inLanguage\":\"pl-PL\",\"@id\":\"https:\/\/stanro.eu\/en\/#\/schema\/person\/image\/\",\"url\":\"https:\/\/secure.gravatar.com\/avatar\/3dfa2aa33ac5f90263250dbbc9cff8be?s=96&d=mm&r=g\",\"contentUrl\":\"https:\/\/secure.gravatar.com\/avatar\/3dfa2aa33ac5f90263250dbbc9cff8be?s=96&d=mm&r=g\",\"caption\":\"Jakub Stanisz\"},\"url\":\"https:\/\/stanro.eu\/author\/jstanisz\/\"}]}<\/script>\n<!-- \/ Yoast SEO plugin. -->","yoast_head_json":{"title":"Szeroka gama produkt\u00f3w \u015awi\u0105tecznych - MPT Stanro","robots":{"index":"index","follow":"follow","max-snippet":"max-snippet:-1","max-image-preview":"max-image-preview:large","max-video-preview":"max-video-preview:-1"},"canonical":"https:\/\/stanro.eu\/a-wide-range-of-holiday-products\/","og_locale":"pl_PL","og_type":"article","og_title":"Szeroka gama produkt\u00f3w \u015awi\u0105tecznych - MPT Stanro","og_description":"Ju\u017c od ponad miesi\u0105ca w firmie Stanro znajda Pa\u0144stwo najbardziej po\u017c\u0105dane \u015awi\u0105teczne nowo\u015bci. W oczekiwaniu na \u015awi\u0119ta Bo\u017cego Narodzenia warto ju\u017c teraz zaopatrzy\u0107 si\u0119 w tradycyjne s\u0142odko\u015bci, kt\u00f3re przenios\u0105 rado\u015b\u0107 nie tylko podczas \u015bwi\u0105tecznej kolacji ale r\u00f3wnie\u017c w dniach poprzedzaj\u0105cych. W swojej ofercie posiadamy gam\u0119 Kalendarzy Adwentowych, bez kt\u00f3rych ci\u0119\u017cko przecie\u017c wyobrazi\u0107 sobie grudzie\u0144, \u015bwi\u0105teczne [&hellip;]","og_url":"https:\/\/stanro.eu\/a-wide-range-of-holiday-products\/","og_site_name":"stanro.eu","article_published_time":"2021-12-20T14:43:09+00:00","og_image":[{"width":900,"height":900,"url":"https:\/\/stanro.eu\/wp-content\/uploads\/2020\/04\/kalendarz-adwentowy-main-1.jpg","type":"image\/jpeg"}],"author":"Jakub Stanisz","twitter_card":"summary_large_image","twitter_misc":{"Napisane przez":"Jakub Stanisz","Szacowany czas czytania":"1 minuta"},"schema":{"@context":"https:\/\/schema.org","@graph":[{"@type":"WebPage","@id":"https:\/\/stanro.eu\/en\/a-wide-range-of-holiday-products\/","url":"https:\/\/stanro.eu\/en\/a-wide-range-of-holiday-products\/","name":"Szeroka gama produkt\u00f3w \u015awi\u0105tecznych - MPT Stanro","isPartOf":{"@id":"https:\/\/stanro.eu\/en\/#website"},"primaryImageOfPage":{"@id":"https:\/\/stanro.eu\/en\/a-wide-range-of-holiday-products\/#primaryimage"},"image":{"@id":"https:\/\/stanro.eu\/en\/a-wide-range-of-holiday-products\/#primaryimage"},"thumbnailUrl":"https:\/\/stanro.eu\/wp-content\/uploads\/2020\/04\/kalendarz-adwentowy-main-1.jpg","datePublished":"2021-12-20T14:43:09+00:00","dateModified":"2021-12-20T14:43:09+00:00","author":{"@id":"https:\/\/stanro.eu\/en\/#\/schema\/person\/924fd971ccd44626a0c9e00aa67e0997"},"breadcrumb":{"@id":"https:\/\/stanro.eu\/en\/a-wide-range-of-holiday-products\/#breadcrumb"},"inLanguage":"pl-PL","potentialAction":[{"@type":"ReadAction","target":["https:\/\/stanro.eu\/en\/a-wide-range-of-holiday-products\/"]}]},{"@type":"ImageObject","inLanguage":"pl-PL","@id":"https:\/\/stanro.eu\/en\/a-wide-range-of-holiday-products\/#primaryimage","url":"https:\/\/stanro.eu\/wp-content\/uploads\/2020\/04\/kalendarz-adwentowy-main-1.jpg","contentUrl":"https:\/\/stanro.eu\/wp-content\/uploads\/2020\/04\/kalendarz-adwentowy-main-1.jpg","width":900,"height":900,"caption":"Kalendarz Adwentowy"},{"@type":"BreadcrumbList","@id":"https:\/\/stanro.eu\/en\/a-wide-range-of-holiday-products\/#breadcrumb","itemListElement":[{"@type":"ListItem","position":1,"name":"Strona g\u0142\u00f3wna","item":"https:\/\/stanro.eu\/"},{"@type":"ListItem","position":2,"name":"Szeroka gama produkt\u00f3w \u015awi\u0105tecznych"}]},{"@type":"WebSite","@id":"https:\/\/stanro.eu\/en\/#website","url":"https:\/\/stanro.eu\/en\/","name":"MPT Stanro","description":"","potentialAction":[{"@type":"SearchAction","target":{"@type":"EntryPoint","urlTemplate":"https:\/\/stanro.eu\/en\/?s={search_term_string}"},"query-input":"required name=search_term_string"}],"inLanguage":"pl-PL"},{"@type":"Person","@id":"https:\/\/stanro.eu\/en\/#\/schema\/person\/924fd971ccd44626a0c9e00aa67e0997","name":"Jakub Stanisz","image":{"@type":"ImageObject","inLanguage":"pl-PL","@id":"https:\/\/stanro.eu\/en\/#\/schema\/person\/image\/","url":"https:\/\/secure.gravatar.com\/avatar\/3dfa2aa33ac5f90263250dbbc9cff8be?s=96&d=mm&r=g","contentUrl":"https:\/\/secure.gravatar.com\/avatar\/3dfa2aa33ac5f90263250dbbc9cff8be?s=96&d=mm&r=g","caption":"Jakub Stanisz"},"url":"https:\/\/stanro.eu\/author\/jstanisz\/"}]}},"acf":[],"gutenberg_blocks":[{"blockName":"custom-styles","attrs":{"styles":""}},{"blockName":"core\/paragraph","attrs":[],"innerBlocks":[],"innerHTML":"\n<p>Ju\u017c od ponad miesi\u0105ca w firmie <strong>Stanro <\/strong>znajda Pa\u0144stwo najbardziej po\u017c\u0105dane \u015awi\u0105teczne nowo\u015bci. W oczekiwaniu na \u015awi\u0119ta Bo\u017cego Narodzenia warto ju\u017c teraz zaopatrzy\u0107 si\u0119 w tradycyjne s\u0142odko\u015bci, kt\u00f3re przenios\u0105 rado\u015b\u0107 nie tylko podczas \u015bwi\u0105tecznej kolacji ale r\u00f3wnie\u017c w dniach poprzedzaj\u0105cych. W swojej ofercie posiadamy gam\u0119 <strong>Kalendarzy Adwentowych<\/strong>, bez kt\u00f3rych ci\u0119\u017cko przecie\u017c wyobrazi\u0107 sobie grudzie\u0144, <strong>\u015bwi\u0105teczne Ptasie Mleczko Wedla,<\/strong> <strong>Micha\u0142ki Wawela, czy pierniki Kopernika.<\/strong> Oferujemy r\u00f3wnie\u017c bardzo du\u017cy wyb\u00f3r specjalnych ciast z wielu znanych cukierni, takich jak <strong>Cukiernia Nova, Daber czy u Janeczki<\/strong>, gdzie mog\u0105 ju\u017c dzi\u015b zam\u00f3wi\u0107 Pa\u0144stwo \u015bwi\u0105teczne <strong>serniki, makowce, pierniki, oraz ciasta z kremem.<\/strong><\/p>\n","innerContent":["\n<p>Ju\u017c od ponad miesi\u0105ca w firmie <strong>Stanro <\/strong>znajda Pa\u0144stwo najbardziej po\u017c\u0105dane \u015awi\u0105teczne nowo\u015bci. W oczekiwaniu na \u015awi\u0119ta Bo\u017cego Narodzenia warto ju\u017c teraz zaopatrzy\u0107 si\u0119 w tradycyjne s\u0142odko\u015bci, kt\u00f3re przenios\u0105 rado\u015b\u0107 nie tylko podczas \u015bwi\u0105tecznej kolacji ale r\u00f3wnie\u017c w dniach poprzedzaj\u0105cych. W swojej ofercie posiadamy gam\u0119 <strong>Kalendarzy Adwentowych<\/strong>, bez kt\u00f3rych ci\u0119\u017cko przecie\u017c wyobrazi\u0107 sobie grudzie\u0144, <strong>\u015bwi\u0105teczne Ptasie Mleczko Wedla,<\/strong> <strong>Micha\u0142ki Wawela, czy pierniki Kopernika.<\/strong> Oferujemy r\u00f3wnie\u017c bardzo du\u017cy wyb\u00f3r specjalnych ciast z wielu znanych cukierni, takich jak <strong>Cukiernia Nova, Daber czy u Janeczki<\/strong>, gdzie mog\u0105 ju\u017c dzi\u015b zam\u00f3wi\u0107 Pa\u0144stwo \u015bwi\u0105teczne <strong>serniki, makowce, pierniki, oraz ciasta z kremem.<\/strong><\/p>\n"]},{"blockName":"core\/paragraph","attrs":[],"innerBlocks":[],"innerHTML":"\n<p>Na kolacje Wigilijna proponujemy najwy\u017cszej jako\u015bci garma\u017cerk\u0119 firmy <strong>Gastronom<\/strong>, gdzie dost\u0119pne b\u0119d\u0105 <strong>pierogi, krokiety, bigos i tradycyjne uszka<\/strong> a tak\u017ce <strong>u J\u0119drusia<\/strong>, z asortymentem pierog\u00f3w, nie tylko tradycyjnych ale r\u00f3wnie\u017c wegetaria\u0144skich. Firma <strong>Bac\u00f3wka<\/strong> oferuje w tym sezonie domowej roboty bigos jako nowo\u015b\u0107 na rynku.<\/p>\n","innerContent":["\n<p>Na kolacje Wigilijna proponujemy najwy\u017cszej jako\u015bci garma\u017cerk\u0119 firmy <strong>Gastronom<\/strong>, gdzie dost\u0119pne b\u0119d\u0105 <strong>pierogi, krokiety, bigos i tradycyjne uszka<\/strong> a tak\u017ce <strong>u J\u0119drusia<\/strong>, z asortymentem pierog\u00f3w, nie tylko tradycyjnych ale r\u00f3wnie\u017c wegetaria\u0144skich. Firma <strong>Bac\u00f3wka<\/strong> oferuje w tym sezonie domowej roboty bigos jako nowo\u015b\u0107 na rynku.<\/p>\n"]},{"blockName":"core\/paragraph","attrs":[],"innerBlocks":[],"innerHTML":"\n<p>Jednak \u015awi\u0119ta to nie tylko przygotowania kulinarne. Dla najm\u0142odszych oferujemy <strong>ksi\u0105\u017ceczki do kolorowania, \u015bwi\u0105teczne bajki i zabawki<\/strong>, a dla starszych zestawy prezentowe i kosmetyczne z firm<strong> Ziaja i Green Pharmacy<\/strong>. Do przygotowania \u015bwi\u0105tecznego sto\u0142u znajdziecie u Nas Pa\u0144stwo obrusy, \u015bwi\u0105teczne serwetki oraz ozdoby a do przygotowania si\u0119 do Wigilii <strong>torby oraz papiery do pakowania prezent\u00f3 oraz elementy do ozdoby dom\u00f3w. <\/strong>W\u0142a\u015bciciele sklep\u00f3w i biznes\u00f3w znajda u Nas elementy wyposa\u017cenia takie jak \u015bwi\u0105teczne cenowki, oznaczenia polek oraz ulotki promocyjne. I nie zapominajmy o najwa\u017cniejszym \u2013 w Naszej ofercie dost\u0119pne oczywi\u015bcie <strong>op\u0142atki i sianko wigilijne<\/strong>.<\/p>\n","innerContent":["\n<p>Jednak \u015awi\u0119ta to nie tylko przygotowania kulinarne. Dla najm\u0142odszych oferujemy <strong>ksi\u0105\u017ceczki do kolorowania, \u015bwi\u0105teczne bajki i zabawki<\/strong>, a dla starszych zestawy prezentowe i kosmetyczne z firm<strong> Ziaja i Green Pharmacy<\/strong>. Do przygotowania \u015bwi\u0105tecznego sto\u0142u znajdziecie u Nas Pa\u0144stwo obrusy, \u015bwi\u0105teczne serwetki oraz ozdoby a do przygotowania si\u0119 do Wigilii <strong>torby oraz papiery do pakowania prezent\u00f3 oraz elementy do ozdoby dom\u00f3w. <\/strong>W\u0142a\u015bciciele sklep\u00f3w i biznes\u00f3w znajda u Nas elementy wyposa\u017cenia takie jak \u015bwi\u0105teczne cenowki, oznaczenia polek oraz ulotki promocyjne. I nie zapominajmy o najwa\u017cniejszym \u2013 w Naszej ofercie dost\u0119pne oczywi\u015bcie <strong>op\u0142atki i sianko wigilijne<\/strong>.<\/p>\n"]},{"blockName":"core\/paragraph","attrs":[],"innerBlocks":[],"innerHTML":"\n<p>Oferta b\u0119dzie dost\u0119pna do ko\u0144ca grudnia.<\/p>\n","innerContent":["\n<p>Oferta b\u0119dzie dost\u0119pna do ko\u0144ca grudnia.<\/p>\n"]}],"meta_data":false,"featured_image":{"url":"https:\/\/stanro.eu\/wp-content\/uploads\/2020\/04\/kalendarz-adwentowy-main-1.jpg"},"main_category":{"name":"Nowo\u015bci"},"prev_page":{"slug":"dajar-garnki-oraz-elementy-wyposazenia-kuchni"},"next_page":{"slug":"przyprawy-nadir"},"_links":{"self":[{"href":"https:\/\/stanro.eu\/index.php\/wp-json\/wp\/v2\/posts\/5855"}],"collection":[{"href":"https:\/\/stanro.eu\/index.php\/wp-json\/wp\/v2\/posts"}],"about":[{"href":"https:\/\/stanro.eu\/index.php\/wp-json\/wp\/v2\/types\/post"}],"author":[{"embeddable":true,"href":"https:\/\/stanro.eu\/index.php\/wp-json\/wp\/v2\/users\/2"}],"replies":[{"embeddable":true,"href":"https:\/\/stanro.eu\/index.php\/wp-json\/wp\/v2\/comments?post=5855"}],"version-history":[{"count":0,"href":"https:\/\/stanro.eu\/index.php\/wp-json\/wp\/v2\/posts\/5855\/revisions"}],"wp:featuredmedia":[{"embeddable":true,"href":"https:\/\/stanro.eu\/index.php\/wp-json\/wp\/v2\/media\/1704"}],"wp:attachment":[{"href":"https:\/\/stanro.eu\/index.php\/wp-json\/wp\/v2\/media?parent=5855"}],"wp:term":[{"taxonomy":"category","embeddable":true,"href":"https:\/\/stanro.eu\/index.php\/wp-json\/wp\/v2\/categories?post=5855"},{"taxonomy":"post_tag","embeddable":true,"href":"https:\/\/stanro.eu\/index.php\/wp-json\/wp\/v2\/tags?post=5855"}],"curies":[{"name":"wp","href":"https:\/\/api.w.org\/{rel}","templated":true}]}}