{"id":2713,"date":"2020-06-25T17:43:47","date_gmt":"2020-06-25T17:43:47","guid":{"rendered":"https:\/\/stanro.eu\/?p=2713"},"modified":"2020-06-25T17:43:47","modified_gmt":"2020-06-25T17:43:47","slug":"ulker-turecki-producent-slodyczy","status":"publish","type":"post","link":"https:\/\/stanro.eu\/ulker-turecki-producent-slodyczy\/","title":{"rendered":"\u00dclker &#8211; turecki producent s\u0142odyczy"},"content":{"rendered":"\n<p><strong>\u00dclker<\/strong> jest to najwi\u0119ksza<strong> firma spo\u017cywcza w Turcji.<\/strong> Historia powstania tej tureckiej fimy si\u0119gaj\u0105 1944 roku za\u0142o\u017cna przez rodzin\u0119 obecnego prezesa firmy &#8211; Murat \u00dclker. Rodzinna firma Ulker zosta\u0142a za\u0142o\u017cona przez ojca,&nbsp;Sabri Ulker&nbsp;i wuja, Asim Ulker. <strong>\u00dclker<\/strong> jest g\u0142\u00f3wnym tureckim producentem produkt\u00f3w spo\u017cywczych, kt\u00f3re s\u0105 eksportowane do ponad 110 kraj\u00f3w.<\/p>\n\n\n\n<p>Firma <strong>\u00dclker<\/strong> od koniec 20 wieku produkowa\u0142a g\u0142\u00f3wnie margaryn\u0119, olej ro\u015blinny oraz produkty mleczne. W roku 2002 <strong>\u00dclker<\/strong> wprowadzi\u0142 do oferty napoje gazowane, a w roku 2003, rozpoczyna produkcj\u0119 tureckej kawy, lod\u00f3w ioraz \u017cywno\u015b\u0107 dla niemowl\u0105t.<\/p>\n\n\n\n<p>Jest jedn\u0105 z najbardziej lubianych marek produkuj\u0105cy s\u0142odycze i produkty \u017cywno\u015bciowe w Turcji. Podstawowe produkty firmy <strong>\u00dclker<\/strong> to herbatniki, ciasteczka, krakersy i czekoladki W pierwszych latach dzia\u0142alno\u015bci marka \u00dclker produkowa\u0142a coraz wi\u0119cej produkt\u00f3w o funkcjonalnych zaletach \u017cywno\u015bciowych. W nast\u0119pnych latach nazwa \u00dclker sta\u0142a si\u0119 synonimem szcz\u0119\u015bliwych wspomnie\u0144 i wewn\u0119trznych warto\u015bci zaufania, uczciwo\u015bci i sympatii. Produkty \u00dclker sta\u0142y si\u0119 cz\u0119\u015bci\u0105 codziennego \u017cycia wielu rodzin i powoli sta\u0142y si\u0119 synonimem szcz\u0119\u015bcia i produktem obecnym w ka\u017cdym domu.<\/p>\n\n\n\n<p>Sukces firma <strong>\u00dclker<\/strong> zawdzi\u0119cza g\u0142\u00f3wnie czekoladzie. Obecnie produkuje tak\u017ce wiele innych artyku\u0142\u00f3w spo\u017cywczych, m.in.&nbsp;ayran czyli popularny turecki nap\u00f3j wytwarzany z jogurtu i wody. Jednym z przeboj\u00f3w firmy jest Cola Turka, wprowadzona na rynek w 2003 roku&nbsp;.<\/p>\n\n\n\n<p>Coli Turka jest sprzedawany w 200 ml szklanych butelek, puszek i 330 ml 500 ml, 1 l, 2-litrowej, 2,5 i 3 litr\u00f3w&nbsp;PET&nbsp;butelek. S\u0105 sprzedawane 3 rodzaje Coli Turka:<\/p>\n\n\n\n<ul><li>Cola Turka<\/li><li>Cola Turka \u015awiat\u0142o<\/li><li>Cola Turka Cappuccino <\/li><\/ul>\n\n\n\n<p><strong>\u00dclker<\/strong> jest sp\u00f3\u0142k\u0105 zale\u017cn\u0105 Y\u0131ld\u0131z Holding. Partnerstwo z marka <strong>&nbsp;\u00dclker<\/strong> przynios\u0142o korzy\u015b\u0107 Y\u0131ld\u0131z Holding w dzia\u0142alno\u015bci biznesowej i zwi\u0119kszy\u0142o warto\u015b\u0107 dodan\u0105 innych sp\u00f3\u0142ek zale\u017cnych. <strong>\u00dclker<\/strong> by\u0142 pierwsz\u0105 sp\u00f3\u0142k\u0105 zale\u017cn\u0105 Y\u0131ld\u0131z Holding i jest dzi\u015b jego g\u0142\u00f3wn\u0105 mark\u0105. <\/p>\n\n\n\n<p>Dzi\u015b <strong>\u00dclker<\/strong> ma setki sub-marek, kt\u00f3re s\u0142u\u017c\u0105 konsumentom i maj\u0105 siln\u0105 pozycj\u0119 na rynku. Wszystkie marki maj\u0105 te same zasady i warto\u015bci prezentuj\u0105c szerok\u0105 gam\u0119 produkt\u00f3w, takich jak herbatniki, czekolada, s\u0142odycze, guma do \u017cucia, p\u0142ynny olej, produkty mleczne, napoje gazowane, lody, kawa i \u017cywno\u015b\u0107 dla niemowl\u0105t.<\/p>\n\n\n\n<p>Produkty tureckiegio producenta spo\u017cywczego firmy <strong>\u00dclker<\/strong> ju\u017c dost\u0119pne w <a href=\"http:\/\/stanro.dvl.to\/hurtownia-spozywcza-oferta\/\">ofercie <\/a><strong>hurtowni spo\u017cywczej MPT Stanro. <\/strong><\/p>\n\n\n\n<p><strong>Chcesz uzyska\u0107 dost\u0119p do e-hurtowni <a href=\"https:\/\/www.stanro24.eu\/\">Stanro24<\/a> i zam\u00f3wi\u0107 nowe produkty w atrakcyjnych cenach?<\/strong><\/p>\n\n\n\n<p>Skontaktuj si\u0119 z Przedstawicielem Handlowym <strong>Stanro<\/strong>, <br><strong>zadzwo\u0144<\/strong> +48 91 44 15 033 lub +44 739 96 07 888 <br>lub <strong>wy\u015blij e-mail<\/strong> &#8211; bok@stanro.eu.<\/p>\n\n\n\n<p>Zamawiaj produkty na platformie Stanro24 &#8211; <a href=\"https:\/\/www.stanro24.eu\/\">www.stanro24.eu<\/a><\/p>\n\n\n\n<p><\/p>\n","protected":false},"excerpt":"\u00dclker jest to najwi\u0119ksza firma spo\u017cywcza w Turcji. Historia powstania tej tureckiej fimy si\u0119gaj\u0105 1944 roku za\u0142o\u017cna przez rodzin\u0119 obecnego prezesa firmy &#8211; Murat \u00dclker. Rodzinna firma Ulker zosta\u0142a za\u0142o\u017cona przez ojca,&nbsp;Sabri Ulker&nbsp;i wuja, Asim Ulker. \u00dclker jest g\u0142\u00f3wnym tureckim producentem produkt\u00f3w spo\u017cywczych, kt\u00f3re s\u0105 eksportowane do ponad 110 kraj\u00f3w. Firma \u00dclker od koniec 20 [&hellip;]","author":2,"featured_media":3826,"comment_status":"closed","ping_status":"closed","sticky":false,"template":"","format":"standard","meta":{"inline_featured_image":false,"editor_plus_copied_stylings":"{}","footnotes":""},"categories":[11],"tags":[],"yoast_head":"<!-- This site is optimized with the Yoast SEO plugin v22.3 - https:\/\/yoast.com\/wordpress\/plugins\/seo\/ -->\n<title>\u00dclker - turecki producent s\u0142odyczy - MPT Stanro<\/title>\n<meta name=\"robots\" content=\"index, follow, max-snippet:-1, max-image-preview:large, max-video-preview:-1\" \/>\n<link rel=\"canonical\" href=\"https:\/\/stanro.eu\/ulker-turecki-producent-slodyczy\/\" \/>\n<meta property=\"og:locale\" content=\"pl_PL\" \/>\n<meta property=\"og:type\" content=\"article\" \/>\n<meta property=\"og:title\" content=\"\u00dclker - turecki producent s\u0142odyczy - MPT Stanro\" \/>\n<meta property=\"og:description\" content=\"\u00dclker jest to najwi\u0119ksza firma spo\u017cywcza w Turcji. Historia powstania tej tureckiej fimy si\u0119gaj\u0105 1944 roku za\u0142o\u017cna przez rodzin\u0119 obecnego prezesa firmy &#8211; Murat \u00dclker. Rodzinna firma Ulker zosta\u0142a za\u0142o\u017cona przez ojca,&nbsp;Sabri Ulker&nbsp;i wuja, Asim Ulker. \u00dclker jest g\u0142\u00f3wnym tureckim producentem produkt\u00f3w spo\u017cywczych, kt\u00f3re s\u0105 eksportowane do ponad 110 kraj\u00f3w. Firma \u00dclker od koniec 20 [&hellip;]\" \/>\n<meta property=\"og:url\" content=\"https:\/\/stanro.eu\/ulker-turecki-producent-slodyczy\/\" \/>\n<meta property=\"og:site_name\" content=\"stanro.eu\" \/>\n<meta property=\"article:published_time\" content=\"2020-06-25T17:43:47+00:00\" \/>\n<meta property=\"og:image\" content=\"https:\/\/stanro.eu\/wp-content\/uploads\/2020\/06\/ulker-1-1.png\" \/>\n\t<meta property=\"og:image:width\" content=\"225\" \/>\n\t<meta property=\"og:image:height\" content=\"131\" \/>\n\t<meta property=\"og:image:type\" content=\"image\/png\" \/>\n<meta name=\"author\" content=\"Jakub Stanisz\" \/>\n<meta name=\"twitter:card\" content=\"summary_large_image\" \/>\n<meta name=\"twitter:label1\" content=\"Napisane przez\" \/>\n\t<meta name=\"twitter:data1\" content=\"Jakub Stanisz\" \/>\n\t<meta name=\"twitter:label2\" content=\"Szacowany czas czytania\" \/>\n\t<meta name=\"twitter:data2\" content=\"2 minuty\" \/>\n<script type=\"application\/ld+json\" class=\"yoast-schema-graph\">{\"@context\":\"https:\/\/schema.org\",\"@graph\":[{\"@type\":\"WebPage\",\"@id\":\"https:\/\/stanro.eu\/ulker-turecki-producent-slodyczy\/\",\"url\":\"https:\/\/stanro.eu\/ulker-turecki-producent-slodyczy\/\",\"name\":\"\u00dclker - turecki producent s\u0142odyczy - MPT Stanro\",\"isPartOf\":{\"@id\":\"https:\/\/stanro.eu\/en\/#website\"},\"primaryImageOfPage\":{\"@id\":\"https:\/\/stanro.eu\/ulker-turecki-producent-slodyczy\/#primaryimage\"},\"image\":{\"@id\":\"https:\/\/stanro.eu\/ulker-turecki-producent-slodyczy\/#primaryimage\"},\"thumbnailUrl\":\"https:\/\/stanro.eu\/wp-content\/uploads\/2020\/06\/ulker-1-1.png\",\"datePublished\":\"2020-06-25T17:43:47+00:00\",\"dateModified\":\"2020-06-25T17:43:47+00:00\",\"author\":{\"@id\":\"https:\/\/stanro.eu\/en\/#\/schema\/person\/924fd971ccd44626a0c9e00aa67e0997\"},\"breadcrumb\":{\"@id\":\"https:\/\/stanro.eu\/ulker-turecki-producent-slodyczy\/#breadcrumb\"},\"inLanguage\":\"pl-PL\",\"potentialAction\":[{\"@type\":\"ReadAction\",\"target\":[\"https:\/\/stanro.eu\/ulker-turecki-producent-slodyczy\/\"]}]},{\"@type\":\"ImageObject\",\"inLanguage\":\"pl-PL\",\"@id\":\"https:\/\/stanro.eu\/ulker-turecki-producent-slodyczy\/#primaryimage\",\"url\":\"https:\/\/stanro.eu\/wp-content\/uploads\/2020\/06\/ulker-1-1.png\",\"contentUrl\":\"https:\/\/stanro.eu\/wp-content\/uploads\/2020\/06\/ulker-1-1.png\",\"width\":225,\"height\":131,\"caption\":\"\u00dclker\"},{\"@type\":\"BreadcrumbList\",\"@id\":\"https:\/\/stanro.eu\/ulker-turecki-producent-slodyczy\/#breadcrumb\",\"itemListElement\":[{\"@type\":\"ListItem\",\"position\":1,\"name\":\"Strona g\u0142\u00f3wna\",\"item\":\"https:\/\/stanro.eu\/\"},{\"@type\":\"ListItem\",\"position\":2,\"name\":\"\u00dclker &#8211; turecki producent s\u0142odyczy\"}]},{\"@type\":\"WebSite\",\"@id\":\"https:\/\/stanro.eu\/en\/#website\",\"url\":\"https:\/\/stanro.eu\/en\/\",\"name\":\"MPT Stanro\",\"description\":\"\",\"potentialAction\":[{\"@type\":\"SearchAction\",\"target\":{\"@type\":\"EntryPoint\",\"urlTemplate\":\"https:\/\/stanro.eu\/en\/?s={search_term_string}\"},\"query-input\":\"required name=search_term_string\"}],\"inLanguage\":\"pl-PL\"},{\"@type\":\"Person\",\"@id\":\"https:\/\/stanro.eu\/en\/#\/schema\/person\/924fd971ccd44626a0c9e00aa67e0997\",\"name\":\"Jakub Stanisz\",\"image\":{\"@type\":\"ImageObject\",\"inLanguage\":\"pl-PL\",\"@id\":\"https:\/\/stanro.eu\/en\/#\/schema\/person\/image\/\",\"url\":\"https:\/\/secure.gravatar.com\/avatar\/3dfa2aa33ac5f90263250dbbc9cff8be?s=96&d=mm&r=g\",\"contentUrl\":\"https:\/\/secure.gravatar.com\/avatar\/3dfa2aa33ac5f90263250dbbc9cff8be?s=96&d=mm&r=g\",\"caption\":\"Jakub Stanisz\"},\"url\":\"https:\/\/stanro.eu\/author\/jstanisz\/\"}]}<\/script>\n<!-- \/ Yoast SEO plugin. -->","yoast_head_json":{"title":"\u00dclker - turecki producent s\u0142odyczy - MPT Stanro","robots":{"index":"index","follow":"follow","max-snippet":"max-snippet:-1","max-image-preview":"max-image-preview:large","max-video-preview":"max-video-preview:-1"},"canonical":"https:\/\/stanro.eu\/ulker-turecki-producent-slodyczy\/","og_locale":"pl_PL","og_type":"article","og_title":"\u00dclker - turecki producent s\u0142odyczy - MPT Stanro","og_description":"\u00dclker jest to najwi\u0119ksza firma spo\u017cywcza w Turcji. Historia powstania tej tureckiej fimy si\u0119gaj\u0105 1944 roku za\u0142o\u017cna przez rodzin\u0119 obecnego prezesa firmy &#8211; Murat \u00dclker. Rodzinna firma Ulker zosta\u0142a za\u0142o\u017cona przez ojca,&nbsp;Sabri Ulker&nbsp;i wuja, Asim Ulker. \u00dclker jest g\u0142\u00f3wnym tureckim producentem produkt\u00f3w spo\u017cywczych, kt\u00f3re s\u0105 eksportowane do ponad 110 kraj\u00f3w. Firma \u00dclker od koniec 20 [&hellip;]","og_url":"https:\/\/stanro.eu\/ulker-turecki-producent-slodyczy\/","og_site_name":"stanro.eu","article_published_time":"2020-06-25T17:43:47+00:00","og_image":[{"width":225,"height":131,"url":"https:\/\/stanro.eu\/wp-content\/uploads\/2020\/06\/ulker-1-1.png","type":"image\/png"}],"author":"Jakub Stanisz","twitter_card":"summary_large_image","twitter_misc":{"Napisane przez":"Jakub Stanisz","Szacowany czas czytania":"2 minuty"},"schema":{"@context":"https:\/\/schema.org","@graph":[{"@type":"WebPage","@id":"https:\/\/stanro.eu\/ulker-turecki-producent-slodyczy\/","url":"https:\/\/stanro.eu\/ulker-turecki-producent-slodyczy\/","name":"\u00dclker - turecki producent s\u0142odyczy - MPT Stanro","isPartOf":{"@id":"https:\/\/stanro.eu\/en\/#website"},"primaryImageOfPage":{"@id":"https:\/\/stanro.eu\/ulker-turecki-producent-slodyczy\/#primaryimage"},"image":{"@id":"https:\/\/stanro.eu\/ulker-turecki-producent-slodyczy\/#primaryimage"},"thumbnailUrl":"https:\/\/stanro.eu\/wp-content\/uploads\/2020\/06\/ulker-1-1.png","datePublished":"2020-06-25T17:43:47+00:00","dateModified":"2020-06-25T17:43:47+00:00","author":{"@id":"https:\/\/stanro.eu\/en\/#\/schema\/person\/924fd971ccd44626a0c9e00aa67e0997"},"breadcrumb":{"@id":"https:\/\/stanro.eu\/ulker-turecki-producent-slodyczy\/#breadcrumb"},"inLanguage":"pl-PL","potentialAction":[{"@type":"ReadAction","target":["https:\/\/stanro.eu\/ulker-turecki-producent-slodyczy\/"]}]},{"@type":"ImageObject","inLanguage":"pl-PL","@id":"https:\/\/stanro.eu\/ulker-turecki-producent-slodyczy\/#primaryimage","url":"https:\/\/stanro.eu\/wp-content\/uploads\/2020\/06\/ulker-1-1.png","contentUrl":"https:\/\/stanro.eu\/wp-content\/uploads\/2020\/06\/ulker-1-1.png","width":225,"height":131,"caption":"\u00dclker"},{"@type":"BreadcrumbList","@id":"https:\/\/stanro.eu\/ulker-turecki-producent-slodyczy\/#breadcrumb","itemListElement":[{"@type":"ListItem","position":1,"name":"Strona g\u0142\u00f3wna","item":"https:\/\/stanro.eu\/"},{"@type":"ListItem","position":2,"name":"\u00dclker &#8211; turecki producent s\u0142odyczy"}]},{"@type":"WebSite","@id":"https:\/\/stanro.eu\/en\/#website","url":"https:\/\/stanro.eu\/en\/","name":"MPT Stanro","description":"","potentialAction":[{"@type":"SearchAction","target":{"@type":"EntryPoint","urlTemplate":"https:\/\/stanro.eu\/en\/?s={search_term_string}"},"query-input":"required name=search_term_string"}],"inLanguage":"pl-PL"},{"@type":"Person","@id":"https:\/\/stanro.eu\/en\/#\/schema\/person\/924fd971ccd44626a0c9e00aa67e0997","name":"Jakub Stanisz","image":{"@type":"ImageObject","inLanguage":"pl-PL","@id":"https:\/\/stanro.eu\/en\/#\/schema\/person\/image\/","url":"https:\/\/secure.gravatar.com\/avatar\/3dfa2aa33ac5f90263250dbbc9cff8be?s=96&d=mm&r=g","contentUrl":"https:\/\/secure.gravatar.com\/avatar\/3dfa2aa33ac5f90263250dbbc9cff8be?s=96&d=mm&r=g","caption":"Jakub Stanisz"},"url":"https:\/\/stanro.eu\/author\/jstanisz\/"}]}},"acf":[],"gutenberg_blocks":[{"blockName":"custom-styles","attrs":{"styles":""}},{"blockName":"core\/paragraph","attrs":[],"innerBlocks":[],"innerHTML":"\n<p><strong>\u00dclker<\/strong> jest to najwi\u0119ksza<strong> firma spo\u017cywcza w Turcji.<\/strong> Historia powstania tej tureckiej fimy si\u0119gaj\u0105 1944 roku za\u0142o\u017cna przez rodzin\u0119 obecnego prezesa firmy - Murat \u00dclker. Rodzinna firma Ulker zosta\u0142a za\u0142o\u017cona przez ojca,&nbsp;Sabri Ulker&nbsp;i wuja, Asim Ulker. <strong>\u00dclker<\/strong> jest g\u0142\u00f3wnym tureckim producentem produkt\u00f3w spo\u017cywczych, kt\u00f3re s\u0105 eksportowane do ponad 110 kraj\u00f3w.<\/p>\n","innerContent":["\n<p><strong>\u00dclker<\/strong> jest to najwi\u0119ksza<strong> firma spo\u017cywcza w Turcji.<\/strong> Historia powstania tej tureckiej fimy si\u0119gaj\u0105 1944 roku za\u0142o\u017cna przez rodzin\u0119 obecnego prezesa firmy - Murat \u00dclker. Rodzinna firma Ulker zosta\u0142a za\u0142o\u017cona przez ojca,&nbsp;Sabri Ulker&nbsp;i wuja, Asim Ulker. <strong>\u00dclker<\/strong> jest g\u0142\u00f3wnym tureckim producentem produkt\u00f3w spo\u017cywczych, kt\u00f3re s\u0105 eksportowane do ponad 110 kraj\u00f3w.<\/p>\n"]},{"blockName":"core\/paragraph","attrs":[],"innerBlocks":[],"innerHTML":"\n<p>Firma <strong>\u00dclker<\/strong> od koniec 20 wieku produkowa\u0142a g\u0142\u00f3wnie margaryn\u0119, olej ro\u015blinny oraz produkty mleczne. W roku 2002 <strong>\u00dclker<\/strong> wprowadzi\u0142 do oferty napoje gazowane, a w roku 2003, rozpoczyna produkcj\u0119 tureckej kawy, lod\u00f3w ioraz \u017cywno\u015b\u0107 dla niemowl\u0105t.<\/p>\n","innerContent":["\n<p>Firma <strong>\u00dclker<\/strong> od koniec 20 wieku produkowa\u0142a g\u0142\u00f3wnie margaryn\u0119, olej ro\u015blinny oraz produkty mleczne. W roku 2002 <strong>\u00dclker<\/strong> wprowadzi\u0142 do oferty napoje gazowane, a w roku 2003, rozpoczyna produkcj\u0119 tureckej kawy, lod\u00f3w ioraz \u017cywno\u015b\u0107 dla niemowl\u0105t.<\/p>\n"]},{"blockName":"core\/paragraph","attrs":[],"innerBlocks":[],"innerHTML":"\n<p>Jest jedn\u0105 z najbardziej lubianych marek produkuj\u0105cy s\u0142odycze i produkty \u017cywno\u015bciowe w Turcji. Podstawowe produkty firmy <strong>\u00dclker<\/strong> to herbatniki, ciasteczka, krakersy i czekoladki W pierwszych latach dzia\u0142alno\u015bci marka \u00dclker produkowa\u0142a coraz wi\u0119cej produkt\u00f3w o funkcjonalnych zaletach \u017cywno\u015bciowych. W nast\u0119pnych latach nazwa \u00dclker sta\u0142a si\u0119 synonimem szcz\u0119\u015bliwych wspomnie\u0144 i wewn\u0119trznych warto\u015bci zaufania, uczciwo\u015bci i sympatii. Produkty \u00dclker sta\u0142y si\u0119 cz\u0119\u015bci\u0105 codziennego \u017cycia wielu rodzin i powoli sta\u0142y si\u0119 synonimem szcz\u0119\u015bcia i produktem obecnym w ka\u017cdym domu.<\/p>\n","innerContent":["\n<p>Jest jedn\u0105 z najbardziej lubianych marek produkuj\u0105cy s\u0142odycze i produkty \u017cywno\u015bciowe w Turcji. Podstawowe produkty firmy <strong>\u00dclker<\/strong> to herbatniki, ciasteczka, krakersy i czekoladki W pierwszych latach dzia\u0142alno\u015bci marka \u00dclker produkowa\u0142a coraz wi\u0119cej produkt\u00f3w o funkcjonalnych zaletach \u017cywno\u015bciowych. W nast\u0119pnych latach nazwa \u00dclker sta\u0142a si\u0119 synonimem szcz\u0119\u015bliwych wspomnie\u0144 i wewn\u0119trznych warto\u015bci zaufania, uczciwo\u015bci i sympatii. Produkty \u00dclker sta\u0142y si\u0119 cz\u0119\u015bci\u0105 codziennego \u017cycia wielu rodzin i powoli sta\u0142y si\u0119 synonimem szcz\u0119\u015bcia i produktem obecnym w ka\u017cdym domu.<\/p>\n"]},{"blockName":"core\/paragraph","attrs":[],"innerBlocks":[],"innerHTML":"\n<p>Sukces firma <strong>\u00dclker<\/strong> zawdzi\u0119cza g\u0142\u00f3wnie czekoladzie. Obecnie produkuje tak\u017ce wiele innych artyku\u0142\u00f3w spo\u017cywczych, m.in.&nbsp;ayran czyli popularny turecki nap\u00f3j wytwarzany z jogurtu i wody. Jednym z przeboj\u00f3w firmy jest Cola Turka, wprowadzona na rynek w 2003 roku&nbsp;.<\/p>\n","innerContent":["\n<p>Sukces firma <strong>\u00dclker<\/strong> zawdzi\u0119cza g\u0142\u00f3wnie czekoladzie. Obecnie produkuje tak\u017ce wiele innych artyku\u0142\u00f3w spo\u017cywczych, m.in.&nbsp;ayran czyli popularny turecki nap\u00f3j wytwarzany z jogurtu i wody. Jednym z przeboj\u00f3w firmy jest Cola Turka, wprowadzona na rynek w 2003 roku&nbsp;.<\/p>\n"]},{"blockName":"core\/paragraph","attrs":[],"innerBlocks":[],"innerHTML":"\n<p>Coli Turka jest sprzedawany w 200 ml szklanych butelek, puszek i 330 ml 500 ml, 1 l, 2-litrowej, 2,5 i 3 litr\u00f3w&nbsp;PET&nbsp;butelek. S\u0105 sprzedawane 3 rodzaje Coli Turka:<\/p>\n","innerContent":["\n<p>Coli Turka jest sprzedawany w 200 ml szklanych butelek, puszek i 330 ml 500 ml, 1 l, 2-litrowej, 2,5 i 3 litr\u00f3w&nbsp;PET&nbsp;butelek. S\u0105 sprzedawane 3 rodzaje Coli Turka:<\/p>\n"]},{"blockName":"core\/list","attrs":[],"innerBlocks":[],"innerHTML":"\n<ul><li>Cola Turka<\/li><li>Cola Turka \u015awiat\u0142o<\/li><li>Cola Turka Cappuccino <\/li><\/ul>\n","innerContent":["\n<ul><li>Cola Turka<\/li><li>Cola Turka \u015awiat\u0142o<\/li><li>Cola Turka Cappuccino <\/li><\/ul>\n"]},{"blockName":"core\/paragraph","attrs":[],"innerBlocks":[],"innerHTML":"\n<p><strong>\u00dclker<\/strong> jest sp\u00f3\u0142k\u0105 zale\u017cn\u0105 Y\u0131ld\u0131z Holding. Partnerstwo z marka <strong>&nbsp;\u00dclker<\/strong> przynios\u0142o korzy\u015b\u0107 Y\u0131ld\u0131z Holding w dzia\u0142alno\u015bci biznesowej i zwi\u0119kszy\u0142o warto\u015b\u0107 dodan\u0105 innych sp\u00f3\u0142ek zale\u017cnych. <strong>\u00dclker<\/strong> by\u0142 pierwsz\u0105 sp\u00f3\u0142k\u0105 zale\u017cn\u0105 Y\u0131ld\u0131z Holding i jest dzi\u015b jego g\u0142\u00f3wn\u0105 mark\u0105. <\/p>\n","innerContent":["\n<p><strong>\u00dclker<\/strong> jest sp\u00f3\u0142k\u0105 zale\u017cn\u0105 Y\u0131ld\u0131z Holding. Partnerstwo z marka <strong>&nbsp;\u00dclker<\/strong> przynios\u0142o korzy\u015b\u0107 Y\u0131ld\u0131z Holding w dzia\u0142alno\u015bci biznesowej i zwi\u0119kszy\u0142o warto\u015b\u0107 dodan\u0105 innych sp\u00f3\u0142ek zale\u017cnych. <strong>\u00dclker<\/strong> by\u0142 pierwsz\u0105 sp\u00f3\u0142k\u0105 zale\u017cn\u0105 Y\u0131ld\u0131z Holding i jest dzi\u015b jego g\u0142\u00f3wn\u0105 mark\u0105. <\/p>\n"]},{"blockName":"core\/paragraph","attrs":[],"innerBlocks":[],"innerHTML":"\n<p>Dzi\u015b <strong>\u00dclker<\/strong> ma setki sub-marek, kt\u00f3re s\u0142u\u017c\u0105 konsumentom i maj\u0105 siln\u0105 pozycj\u0119 na rynku. Wszystkie marki maj\u0105 te same zasady i warto\u015bci prezentuj\u0105c szerok\u0105 gam\u0119 produkt\u00f3w, takich jak herbatniki, czekolada, s\u0142odycze, guma do \u017cucia, p\u0142ynny olej, produkty mleczne, napoje gazowane, lody, kawa i \u017cywno\u015b\u0107 dla niemowl\u0105t.<\/p>\n","innerContent":["\n<p>Dzi\u015b <strong>\u00dclker<\/strong> ma setki sub-marek, kt\u00f3re s\u0142u\u017c\u0105 konsumentom i maj\u0105 siln\u0105 pozycj\u0119 na rynku. Wszystkie marki maj\u0105 te same zasady i warto\u015bci prezentuj\u0105c szerok\u0105 gam\u0119 produkt\u00f3w, takich jak herbatniki, czekolada, s\u0142odycze, guma do \u017cucia, p\u0142ynny olej, produkty mleczne, napoje gazowane, lody, kawa i \u017cywno\u015b\u0107 dla niemowl\u0105t.<\/p>\n"]},{"blockName":"core\/paragraph","attrs":[],"innerBlocks":[],"innerHTML":"\n<p>Produkty tureckiegio producenta spo\u017cywczego firmy <strong>\u00dclker<\/strong> ju\u017c dost\u0119pne w <a href=\"http:\/\/stanro.dvl.to\/hurtownia-spozywcza-oferta\/\">ofercie <\/a><strong>hurtowni spo\u017cywczej MPT Stanro. <\/strong><\/p>\n","innerContent":["\n<p>Produkty tureckiegio producenta spo\u017cywczego firmy <strong>\u00dclker<\/strong> ju\u017c dost\u0119pne w <a href=\"http:\/\/stanro.dvl.to\/hurtownia-spozywcza-oferta\/\">ofercie <\/a><strong>hurtowni spo\u017cywczej MPT Stanro. <\/strong><\/p>\n"]},{"blockName":"core\/paragraph","attrs":[],"innerBlocks":[],"innerHTML":"\n<p><strong>Chcesz uzyska\u0107 dost\u0119p do e-hurtowni <a href=\"https:\/\/www.stanro24.eu\/\">Stanro24<\/a> i zam\u00f3wi\u0107 nowe produkty w atrakcyjnych cenach?<\/strong><\/p>\n","innerContent":["\n<p><strong>Chcesz uzyska\u0107 dost\u0119p do e-hurtowni <a href=\"https:\/\/www.stanro24.eu\/\">Stanro24<\/a> i zam\u00f3wi\u0107 nowe produkty w atrakcyjnych cenach?<\/strong><\/p>\n"]},{"blockName":"core\/paragraph","attrs":[],"innerBlocks":[],"innerHTML":"\n<p>Skontaktuj si\u0119 z Przedstawicielem Handlowym <strong>Stanro<\/strong>, <br><strong>zadzwo\u0144<\/strong> +48 91 44 15 033 lub +44 739 96 07 888 <br>lub <strong>wy\u015blij e-mail<\/strong> - bok@stanro.eu.<\/p>\n","innerContent":["\n<p>Skontaktuj si\u0119 z Przedstawicielem Handlowym <strong>Stanro<\/strong>, <br><strong>zadzwo\u0144<\/strong> +48 91 44 15 033 lub +44 739 96 07 888 <br>lub <strong>wy\u015blij e-mail<\/strong> - bok@stanro.eu.<\/p>\n"]},{"blockName":"core\/paragraph","attrs":[],"innerBlocks":[],"innerHTML":"\n<p>Zamawiaj produkty na platformie Stanro24 - <a href=\"https:\/\/www.stanro24.eu\/\">www.stanro24.eu<\/a><\/p>\n","innerContent":["\n<p>Zamawiaj produkty na platformie Stanro24 - <a href=\"https:\/\/www.stanro24.eu\/\">www.stanro24.eu<\/a><\/p>\n"]},{"blockName":"core\/paragraph","attrs":[],"innerBlocks":[],"innerHTML":"\n<p><\/p>\n","innerContent":["\n<p><\/p>\n"]}],"meta_data":false,"featured_image":{"url":"https:\/\/stanro.eu\/wp-content\/uploads\/2020\/06\/ulker-1-1.png"},"main_category":{"name":"Nowo\u015bci"},"prev_page":{"slug":"delecta-przepyszne-ciasta-na-lato"},"next_page":{"slug":"merchandising-wyeksponuj-swoje-produkty-spozywcze"},"_links":{"self":[{"href":"https:\/\/stanro.eu\/index.php\/wp-json\/wp\/v2\/posts\/2713"}],"collection":[{"href":"https:\/\/stanro.eu\/index.php\/wp-json\/wp\/v2\/posts"}],"about":[{"href":"https:\/\/stanro.eu\/index.php\/wp-json\/wp\/v2\/types\/post"}],"author":[{"embeddable":true,"href":"https:\/\/stanro.eu\/index.php\/wp-json\/wp\/v2\/users\/2"}],"replies":[{"embeddable":true,"href":"https:\/\/stanro.eu\/index.php\/wp-json\/wp\/v2\/comments?post=2713"}],"version-history":[{"count":0,"href":"https:\/\/stanro.eu\/index.php\/wp-json\/wp\/v2\/posts\/2713\/revisions"}],"wp:featuredmedia":[{"embeddable":true,"href":"https:\/\/stanro.eu\/index.php\/wp-json\/wp\/v2\/media\/3826"}],"wp:attachment":[{"href":"https:\/\/stanro.eu\/index.php\/wp-json\/wp\/v2\/media?parent=2713"}],"wp:term":[{"taxonomy":"category","embeddable":true,"href":"https:\/\/stanro.eu\/index.php\/wp-json\/wp\/v2\/categories?post=2713"},{"taxonomy":"post_tag","embeddable":true,"href":"https:\/\/stanro.eu\/index.php\/wp-json\/wp\/v2\/tags?post=2713"}],"curies":[{"name":"wp","href":"https:\/\/api.w.org\/{rel}","templated":true}]}}