{"id":1468,"date":"2019-12-27T00:00:00","date_gmt":"2019-12-27T00:00:00","guid":{"rendered":"http:\/\/stanro.eu\/podziel-sie-magia-swiat-bozego-narodzenia\/"},"modified":"2024-02-14T13:17:03","modified_gmt":"2024-02-14T12:17:03","slug":"podziel-sie-magia-swiat-bozego-narodzenia","status":"publish","type":"post","link":"https:\/\/stanro.eu\/podziel-sie-magia-swiat-bozego-narodzenia\/","title":{"rendered":"Podziel si\u0119 magi\u0105 \u015bwi\u0105t Bo\u017cego Narodzenia"},"content":{"rendered":"<p>\u015awi\u0119ta to czas dzielenia si\u0119 \u2013 nie tylko op\u0142atkiem czy \u017cyczeniami. Spotykamy si\u0119 z bliskimi, ale pami\u0119tamy r\u00f3wnie\u017c o tych, kt\u00f3rzy nie zasi\u0105d\u0105 przy stole uginaj\u0105cym si\u0119 od wigilijnych potraw. Dlatego nakrywamy dla jeszcze jednej osoby, gotowi przyj\u0105\u0107 zb\u0142\u0105kanego w\u0119drowca.<\/p>\n<p>Dla niekt\u00f3rych Bo\u017ce Narodzenia to okres szczeg\u00f3lnie smutny, bo sp\u0119dzany samotnie b\u0105d\u017a w gronie zast\u0119pczej rodziny. Starsze osoby czy dzieci z domu dziecka t\u0119skni\u0105 za rodzin\u0105, kt\u00f3r\u0105 mieli lub nigdy nie posiadali. I cho\u0107 prezenty, owszem s\u0105 mi\u0142e, to najbardziej brakuje im bliskiej osoby, z kt\u00f3r\u0105 mog\u0142yby porozmawia\u0107, za\u015bpiewa\u0107 kol\u0119d\u0119 czy podzieli\u0107 si\u0119 op\u0142atkiem.<\/p>\n<p>Dlatego warto o nich pami\u0119ta\u0107. Nie tylko podczas \u015bwi\u0105t, ale r\u00f3wnie\u017c po. Cz\u0119sto zostajemy z przepe\u0142nion\u0105 lod\u00f3wk\u0105 czy reklam\u00f3wk\u0105 pe\u0142n\u0105 s\u0142odko\u015bci. Tyle si\u0119 m\u00f3wi o tym, \u017ce w wielu polskich domach po \u015bwi\u0119tach jedzenie marnuje si\u0119 w przera\u017caj\u0105cych ilo\u015bciach. Zamiast wyrzuca\u0107 mo\u017cemy przekaza\u0107 \u015bwi\u0105teczn\u0105 \u017cywno\u015b\u0107 potrzebuj\u0105cym osobom. By\u0107 mo\u017ce w Twoim bloku mieszka pani Krysia, s\u0119dziwa kobieta, kt\u00f3rej ledwie starcza na leki i op\u0142aty, a \u015bwi\u0119ta sp\u0119dzi\u0142a samotnie. Odwied\u017a j\u0105, cz\u0119stuj\u0105c pierogami i bigosem.<\/p>\n<p>A mo\u017ce masz ca\u0142\u0105 p\u00f3\u0142k\u0119 przepysznych s\u0142odko\u015bci od <strong>Milki<\/strong>? Pomy\u015bl ile rado\u015bci sprawi\u0142aby figurka Miko\u0142aja lub opakowanie ma\u0142ych, \u015bnie\u017cnych kulek dzieciom z domu dziecka? \u015awi\u0105teczny pude\u0142ko z czekoladowymi smako\u0142ykami czy zestaw z maskotk\u0105 nie zast\u0105pi\u0105 rodziny, ale tchn\u0105 nieco wi\u0119cej wiary w magi\u0119 \u015bwi\u0105t Bo\u017cego Narodzenia i dobro\u0107 ludzi wok\u00f3\u0142.<\/p>\n<p>[:] <\/p>\n","protected":false},"excerpt":"\u015awi\u0119ta to czas dzielenia si\u0119 \u2013 nie tylko op\u0142atkiem czy \u017cyczeniami. Spotykamy si\u0119 z bliskimi, ale pami\u0119tamy r\u00f3wnie\u017c o tych, kt\u00f3rzy nie zasi\u0105d\u0105 przy stole uginaj\u0105cym si\u0119 od wigilijnych potraw. Dlatego nakrywamy dla jeszcze jednej osoby, gotowi przyj\u0105\u0107 zb\u0142\u0105kanego w\u0119drowca. Dla niekt\u00f3rych Bo\u017ce Narodzenia to okres szczeg\u00f3lnie smutny, bo sp\u0119dzany samotnie b\u0105d\u017a w gronie zast\u0119pczej [&hellip;]","author":2,"featured_media":1524,"comment_status":"closed","ping_status":"closed","sticky":false,"template":"","format":"standard","meta":{"inline_featured_image":false,"editor_plus_copied_stylings":"{}","footnotes":""},"categories":[1,11],"tags":[],"yoast_head":"<!-- This site is optimized with the Yoast SEO plugin v22.3 - https:\/\/yoast.com\/wordpress\/plugins\/seo\/ -->\n<title>Podziel si\u0119 magi\u0105 \u015bwi\u0105t Bo\u017cego Narodzenia - MPT Stanro<\/title>\n<meta name=\"robots\" content=\"index, follow, max-snippet:-1, max-image-preview:large, max-video-preview:-1\" \/>\n<link rel=\"canonical\" href=\"https:\/\/stanro.eu\/teilen-sie-den-zauber-von-weihnachten\/\" \/>\n<meta property=\"og:locale\" content=\"pl_PL\" \/>\n<meta property=\"og:type\" content=\"article\" \/>\n<meta property=\"og:title\" content=\"Podziel si\u0119 magi\u0105 \u015bwi\u0105t Bo\u017cego Narodzenia - MPT Stanro\" \/>\n<meta property=\"og:description\" content=\"\u015awi\u0119ta to czas dzielenia si\u0119 \u2013 nie tylko op\u0142atkiem czy \u017cyczeniami. Spotykamy si\u0119 z bliskimi, ale pami\u0119tamy r\u00f3wnie\u017c o tych, kt\u00f3rzy nie zasi\u0105d\u0105 przy stole uginaj\u0105cym si\u0119 od wigilijnych potraw. Dlatego nakrywamy dla jeszcze jednej osoby, gotowi przyj\u0105\u0107 zb\u0142\u0105kanego w\u0119drowca. Dla niekt\u00f3rych Bo\u017ce Narodzenia to okres szczeg\u00f3lnie smutny, bo sp\u0119dzany samotnie b\u0105d\u017a w gronie zast\u0119pczej [&hellip;]\" \/>\n<meta property=\"og:url\" content=\"https:\/\/stanro.eu\/teilen-sie-den-zauber-von-weihnachten\/\" \/>\n<meta property=\"og:site_name\" content=\"stanro.eu\" \/>\n<meta property=\"article:published_time\" content=\"2019-12-27T00:00:00+00:00\" \/>\n<meta property=\"article:modified_time\" content=\"2024-02-14T12:17:03+00:00\" \/>\n<meta property=\"og:image\" content=\"https:\/\/stanro.eu\/wp-content\/uploads\/2020\/04\/untitled-1-1.png\" \/>\n\t<meta property=\"og:image:width\" content=\"800\" \/>\n\t<meta property=\"og:image:height\" content=\"400\" \/>\n\t<meta property=\"og:image:type\" content=\"image\/png\" \/>\n<meta name=\"author\" content=\"Jakub Stanisz\" \/>\n<meta name=\"twitter:card\" content=\"summary_large_image\" \/>\n<meta name=\"twitter:label1\" content=\"Napisane przez\" \/>\n\t<meta name=\"twitter:data1\" content=\"Jakub Stanisz\" \/>\n\t<meta name=\"twitter:label2\" content=\"Szacowany czas czytania\" \/>\n\t<meta name=\"twitter:data2\" content=\"1 minuta\" \/>\n<script type=\"application\/ld+json\" class=\"yoast-schema-graph\">{\"@context\":\"https:\/\/schema.org\",\"@graph\":[{\"@type\":\"WebPage\",\"@id\":\"https:\/\/stanro.eu\/de\/teilen-sie-den-zauber-von-weihnachten\/\",\"url\":\"https:\/\/stanro.eu\/de\/teilen-sie-den-zauber-von-weihnachten\/\",\"name\":\"Podziel si\u0119 magi\u0105 \u015bwi\u0105t Bo\u017cego Narodzenia - MPT Stanro\",\"isPartOf\":{\"@id\":\"https:\/\/stanro.eu\/en\/#website\"},\"primaryImageOfPage\":{\"@id\":\"https:\/\/stanro.eu\/de\/teilen-sie-den-zauber-von-weihnachten\/#primaryimage\"},\"image\":{\"@id\":\"https:\/\/stanro.eu\/de\/teilen-sie-den-zauber-von-weihnachten\/#primaryimage\"},\"thumbnailUrl\":\"https:\/\/stanro.eu\/wp-content\/uploads\/2020\/04\/untitled-1-1.png\",\"datePublished\":\"2019-12-27T00:00:00+00:00\",\"dateModified\":\"2024-02-14T12:17:03+00:00\",\"author\":{\"@id\":\"https:\/\/stanro.eu\/en\/#\/schema\/person\/924fd971ccd44626a0c9e00aa67e0997\"},\"breadcrumb\":{\"@id\":\"https:\/\/stanro.eu\/de\/teilen-sie-den-zauber-von-weihnachten\/#breadcrumb\"},\"inLanguage\":\"pl-PL\",\"potentialAction\":[{\"@type\":\"ReadAction\",\"target\":[\"https:\/\/stanro.eu\/de\/teilen-sie-den-zauber-von-weihnachten\/\"]}]},{\"@type\":\"ImageObject\",\"inLanguage\":\"pl-PL\",\"@id\":\"https:\/\/stanro.eu\/de\/teilen-sie-den-zauber-von-weihnachten\/#primaryimage\",\"url\":\"https:\/\/stanro.eu\/wp-content\/uploads\/2020\/04\/untitled-1-1.png\",\"contentUrl\":\"https:\/\/stanro.eu\/wp-content\/uploads\/2020\/04\/untitled-1-1.png\",\"width\":800,\"height\":400,\"caption\":\"\u017br\u00f3d\u0142o: www.pixabay.com\"},{\"@type\":\"BreadcrumbList\",\"@id\":\"https:\/\/stanro.eu\/de\/teilen-sie-den-zauber-von-weihnachten\/#breadcrumb\",\"itemListElement\":[{\"@type\":\"ListItem\",\"position\":1,\"name\":\"Strona g\u0142\u00f3wna\",\"item\":\"https:\/\/stanro.eu\/\"},{\"@type\":\"ListItem\",\"position\":2,\"name\":\"Podziel si\u0119 magi\u0105 \u015bwi\u0105t Bo\u017cego Narodzenia\"}]},{\"@type\":\"WebSite\",\"@id\":\"https:\/\/stanro.eu\/en\/#website\",\"url\":\"https:\/\/stanro.eu\/en\/\",\"name\":\"MPT Stanro\",\"description\":\"\",\"potentialAction\":[{\"@type\":\"SearchAction\",\"target\":{\"@type\":\"EntryPoint\",\"urlTemplate\":\"https:\/\/stanro.eu\/en\/?s={search_term_string}\"},\"query-input\":\"required name=search_term_string\"}],\"inLanguage\":\"pl-PL\"},{\"@type\":\"Person\",\"@id\":\"https:\/\/stanro.eu\/en\/#\/schema\/person\/924fd971ccd44626a0c9e00aa67e0997\",\"name\":\"Jakub Stanisz\",\"image\":{\"@type\":\"ImageObject\",\"inLanguage\":\"pl-PL\",\"@id\":\"https:\/\/stanro.eu\/en\/#\/schema\/person\/image\/\",\"url\":\"https:\/\/secure.gravatar.com\/avatar\/3dfa2aa33ac5f90263250dbbc9cff8be?s=96&d=mm&r=g\",\"contentUrl\":\"https:\/\/secure.gravatar.com\/avatar\/3dfa2aa33ac5f90263250dbbc9cff8be?s=96&d=mm&r=g\",\"caption\":\"Jakub Stanisz\"},\"url\":\"https:\/\/stanro.eu\/author\/jstanisz\/\"}]}<\/script>\n<!-- \/ Yoast SEO plugin. -->","yoast_head_json":{"title":"Podziel si\u0119 magi\u0105 \u015bwi\u0105t Bo\u017cego Narodzenia - MPT Stanro","robots":{"index":"index","follow":"follow","max-snippet":"max-snippet:-1","max-image-preview":"max-image-preview:large","max-video-preview":"max-video-preview:-1"},"canonical":"https:\/\/stanro.eu\/teilen-sie-den-zauber-von-weihnachten\/","og_locale":"pl_PL","og_type":"article","og_title":"Podziel si\u0119 magi\u0105 \u015bwi\u0105t Bo\u017cego Narodzenia - MPT Stanro","og_description":"\u015awi\u0119ta to czas dzielenia si\u0119 \u2013 nie tylko op\u0142atkiem czy \u017cyczeniami. Spotykamy si\u0119 z bliskimi, ale pami\u0119tamy r\u00f3wnie\u017c o tych, kt\u00f3rzy nie zasi\u0105d\u0105 przy stole uginaj\u0105cym si\u0119 od wigilijnych potraw. Dlatego nakrywamy dla jeszcze jednej osoby, gotowi przyj\u0105\u0107 zb\u0142\u0105kanego w\u0119drowca. Dla niekt\u00f3rych Bo\u017ce Narodzenia to okres szczeg\u00f3lnie smutny, bo sp\u0119dzany samotnie b\u0105d\u017a w gronie zast\u0119pczej [&hellip;]","og_url":"https:\/\/stanro.eu\/teilen-sie-den-zauber-von-weihnachten\/","og_site_name":"stanro.eu","article_published_time":"2019-12-27T00:00:00+00:00","article_modified_time":"2024-02-14T12:17:03+00:00","og_image":[{"width":800,"height":400,"url":"https:\/\/stanro.eu\/wp-content\/uploads\/2020\/04\/untitled-1-1.png","type":"image\/png"}],"author":"Jakub Stanisz","twitter_card":"summary_large_image","twitter_misc":{"Napisane przez":"Jakub Stanisz","Szacowany czas czytania":"1 minuta"},"schema":{"@context":"https:\/\/schema.org","@graph":[{"@type":"WebPage","@id":"https:\/\/stanro.eu\/de\/teilen-sie-den-zauber-von-weihnachten\/","url":"https:\/\/stanro.eu\/de\/teilen-sie-den-zauber-von-weihnachten\/","name":"Podziel si\u0119 magi\u0105 \u015bwi\u0105t Bo\u017cego Narodzenia - MPT Stanro","isPartOf":{"@id":"https:\/\/stanro.eu\/en\/#website"},"primaryImageOfPage":{"@id":"https:\/\/stanro.eu\/de\/teilen-sie-den-zauber-von-weihnachten\/#primaryimage"},"image":{"@id":"https:\/\/stanro.eu\/de\/teilen-sie-den-zauber-von-weihnachten\/#primaryimage"},"thumbnailUrl":"https:\/\/stanro.eu\/wp-content\/uploads\/2020\/04\/untitled-1-1.png","datePublished":"2019-12-27T00:00:00+00:00","dateModified":"2024-02-14T12:17:03+00:00","author":{"@id":"https:\/\/stanro.eu\/en\/#\/schema\/person\/924fd971ccd44626a0c9e00aa67e0997"},"breadcrumb":{"@id":"https:\/\/stanro.eu\/de\/teilen-sie-den-zauber-von-weihnachten\/#breadcrumb"},"inLanguage":"pl-PL","potentialAction":[{"@type":"ReadAction","target":["https:\/\/stanro.eu\/de\/teilen-sie-den-zauber-von-weihnachten\/"]}]},{"@type":"ImageObject","inLanguage":"pl-PL","@id":"https:\/\/stanro.eu\/de\/teilen-sie-den-zauber-von-weihnachten\/#primaryimage","url":"https:\/\/stanro.eu\/wp-content\/uploads\/2020\/04\/untitled-1-1.png","contentUrl":"https:\/\/stanro.eu\/wp-content\/uploads\/2020\/04\/untitled-1-1.png","width":800,"height":400,"caption":"\u017br\u00f3d\u0142o: www.pixabay.com"},{"@type":"BreadcrumbList","@id":"https:\/\/stanro.eu\/de\/teilen-sie-den-zauber-von-weihnachten\/#breadcrumb","itemListElement":[{"@type":"ListItem","position":1,"name":"Strona g\u0142\u00f3wna","item":"https:\/\/stanro.eu\/"},{"@type":"ListItem","position":2,"name":"Podziel si\u0119 magi\u0105 \u015bwi\u0105t Bo\u017cego Narodzenia"}]},{"@type":"WebSite","@id":"https:\/\/stanro.eu\/en\/#website","url":"https:\/\/stanro.eu\/en\/","name":"MPT Stanro","description":"","potentialAction":[{"@type":"SearchAction","target":{"@type":"EntryPoint","urlTemplate":"https:\/\/stanro.eu\/en\/?s={search_term_string}"},"query-input":"required name=search_term_string"}],"inLanguage":"pl-PL"},{"@type":"Person","@id":"https:\/\/stanro.eu\/en\/#\/schema\/person\/924fd971ccd44626a0c9e00aa67e0997","name":"Jakub Stanisz","image":{"@type":"ImageObject","inLanguage":"pl-PL","@id":"https:\/\/stanro.eu\/en\/#\/schema\/person\/image\/","url":"https:\/\/secure.gravatar.com\/avatar\/3dfa2aa33ac5f90263250dbbc9cff8be?s=96&d=mm&r=g","contentUrl":"https:\/\/secure.gravatar.com\/avatar\/3dfa2aa33ac5f90263250dbbc9cff8be?s=96&d=mm&r=g","caption":"Jakub Stanisz"},"url":"https:\/\/stanro.eu\/author\/jstanisz\/"}]}},"acf":[],"gutenberg_blocks":[{"blockName":"custom-styles","attrs":{"styles":""}}],"meta_data":false,"featured_image":{"url":"https:\/\/stanro.eu\/wp-content\/uploads\/2020\/04\/untitled-1-1.png"},"main_category":{"name":"Wszystkie wpisy"},"prev_page":{"slug":"zdrowe-nawyki-w-nowym-roku"},"next_page":{"slug":"wesolych-swiat"},"_links":{"self":[{"href":"https:\/\/stanro.eu\/index.php\/wp-json\/wp\/v2\/posts\/1468"}],"collection":[{"href":"https:\/\/stanro.eu\/index.php\/wp-json\/wp\/v2\/posts"}],"about":[{"href":"https:\/\/stanro.eu\/index.php\/wp-json\/wp\/v2\/types\/post"}],"author":[{"embeddable":true,"href":"https:\/\/stanro.eu\/index.php\/wp-json\/wp\/v2\/users\/2"}],"replies":[{"embeddable":true,"href":"https:\/\/stanro.eu\/index.php\/wp-json\/wp\/v2\/comments?post=1468"}],"version-history":[{"count":0,"href":"https:\/\/stanro.eu\/index.php\/wp-json\/wp\/v2\/posts\/1468\/revisions"}],"wp:featuredmedia":[{"embeddable":true,"href":"https:\/\/stanro.eu\/index.php\/wp-json\/wp\/v2\/media\/1524"}],"wp:attachment":[{"href":"https:\/\/stanro.eu\/index.php\/wp-json\/wp\/v2\/media?parent=1468"}],"wp:term":[{"taxonomy":"category","embeddable":true,"href":"https:\/\/stanro.eu\/index.php\/wp-json\/wp\/v2\/categories?post=1468"},{"taxonomy":"post_tag","embeddable":true,"href":"https:\/\/stanro.eu\/index.php\/wp-json\/wp\/v2\/tags?post=1468"}],"curies":[{"name":"wp","href":"https:\/\/api.w.org\/{rel}","templated":true}]}}