{"id":1242,"date":"2018-02-17T00:00:00","date_gmt":"2018-02-17T00:00:00","guid":{"rendered":"http:\/\/stanro.eu\/tagliatelle-z-cukinia-i-suszonymi-pomidorami\/"},"modified":"2018-02-17T00:00:00","modified_gmt":"2018-02-17T00:00:00","slug":"tagliatelle-z-cukinia-i-suszonymi-pomidorami","status":"publish","type":"post","link":"https:\/\/stanro.eu\/tagliatelle-z-cukinia-i-suszonymi-pomidorami\/","title":{"rendered":"Tagliatelle z cukini\u0105 i suszonymi pomidorami"},"content":{"rendered":"<p><strong>Szybkie i proste danie: Tagliatelle z cukini\u0105 i suszonymi pomidorami. Autorem przepisu jest Pascal Brodnicki<\/strong><\/p>\n<p>Czas przygotowania dania 10 min.<br \/>\nCzas gotowania: 15 min.<\/p>\n<p><strong>Sk\u0142adniki:<\/strong><br \/>\n250 g makaronu tagliatelle ugotowanego al dente wg wskaz\u00f3wek na opakowaniu<br \/>\n3 ma\u0142e cukinie bez pestek i bez sk\u00f3ry<br \/>\n150 ml g\u0119stej \u015bmietany<br \/>\n20 g suszonych pomidor\u00f3w &#8211; na przyk\u0142ad firmy Vortumnus<br \/>\n50 ml Ramy Sma\u017c jak szef kuchni \u2013 wariant z oliw\u0105 z oliwek<br \/>\n3 \u0142y\u017cki posiekanej natki pietruszki<br \/>\n1 z\u0105bek posiekanego czosnku<br \/>\n30 g startego parmezanu<br \/>\ns\u00f3l, pieprz<\/p>\n<p><strong>Spos\u00f3b przygotowania:<\/strong><br \/>\nObrane cukinie oraz suszone pomidory pokr\u00f3j w s\u0142upki.<br \/>\nNa rozgrzan\u0105 patelni\u0119 wlej Ram\u0119 &#8222;Sma\u017c jak szef kuchni&#8221;. Poczekaj a\u017c z t\u0142uszczu znikn\u0105 b\u0105belki, jest to znak, \u017ce uzyska\u0142 odpowiedni\u0105 temperatur\u0119 do sma\u017cenia. Wrzu\u0107 czosnek, cukinie i suszone pomidory i podsma\u017caj przez 5 minut na du\u017cym ogniu.<br \/>\nZmniejsz ogie\u0144 i dodaj \u015bmietan\u0119, s\u00f3l i pieprz. Podgotuj ca\u0142o\u015b\u0107 2 minuty.<br \/>\nDodaj makaron na patelni\u0119 i wymieszaj, by ca\u0142o\u015b\u0107 pokry\u0142 sos.<br \/>\nNa\u0142\u00f3\u017c porcje na talerze, udekoruj natk\u0105 i parmezanem.<\/p>\n<p>Je\u017celi chcesz, do dania mo\u017cesz doda\u0107 wcze\u015bniej usma\u017conego kurczaka, \u0142ososia lub indyka.<\/p>\n<p><strong>Sk\u0142adniki do tego dania kupisz w sklepach do kt\u00f3rych MPT Stanro dostarcza swoje produkty.<\/strong>[:]<\/p>\n","protected":false},"excerpt":"Szybkie i proste danie: Tagliatelle z cukini\u0105 i suszonymi pomidorami. Autorem przepisu jest Pascal Brodnicki Czas przygotowania dania 10 min. Czas gotowania: 15 min. Sk\u0142adniki: 250 g makaronu tagliatelle ugotowanego al dente wg wskaz\u00f3wek na opakowaniu 3 ma\u0142e cukinie bez pestek i bez sk\u00f3ry 150 ml g\u0119stej \u015bmietany 20 g suszonych pomidor\u00f3w &#8211; na przyk\u0142ad [&hellip;]","author":2,"featured_media":1755,"comment_status":"closed","ping_status":"closed","sticky":false,"template":"","format":"standard","meta":{"inline_featured_image":false,"editor_plus_copied_stylings":"{}","footnotes":""},"categories":[11],"tags":[],"yoast_head":"<!-- This site is optimized with the Yoast SEO plugin v22.3 - https:\/\/yoast.com\/wordpress\/plugins\/seo\/ -->\n<title>Tagliatelle z cukini\u0105 i suszonymi pomidorami - MPT Stanro<\/title>\n<meta name=\"robots\" content=\"index, follow, max-snippet:-1, max-image-preview:large, max-video-preview:-1\" \/>\n<link rel=\"canonical\" href=\"https:\/\/stanro.eu\/tagliatelle-z-cukinia-i-suszonymi-pomidorami\/\" \/>\n<meta property=\"og:locale\" content=\"pl_PL\" \/>\n<meta property=\"og:type\" content=\"article\" \/>\n<meta property=\"og:title\" content=\"Tagliatelle z cukini\u0105 i suszonymi pomidorami - MPT Stanro\" \/>\n<meta property=\"og:description\" content=\"Szybkie i proste danie: Tagliatelle z cukini\u0105 i suszonymi pomidorami. Autorem przepisu jest Pascal Brodnicki Czas przygotowania dania 10 min. Czas gotowania: 15 min. Sk\u0142adniki: 250 g makaronu tagliatelle ugotowanego al dente wg wskaz\u00f3wek na opakowaniu 3 ma\u0142e cukinie bez pestek i bez sk\u00f3ry 150 ml g\u0119stej \u015bmietany 20 g suszonych pomidor\u00f3w &#8211; na przyk\u0142ad [&hellip;]\" \/>\n<meta property=\"og:url\" content=\"https:\/\/stanro.eu\/tagliatelle-z-cukinia-i-suszonymi-pomidorami\/\" \/>\n<meta property=\"og:site_name\" content=\"stanro.eu\" \/>\n<meta property=\"article:published_time\" content=\"2018-02-17T00:00:00+00:00\" \/>\n<meta property=\"og:image\" content=\"https:\/\/stanro.eu\/wp-content\/uploads\/2020\/04\/makaron-1.jpg\" \/>\n\t<meta property=\"og:image:width\" content=\"960\" \/>\n\t<meta property=\"og:image:height\" content=\"720\" \/>\n\t<meta property=\"og:image:type\" content=\"image\/jpeg\" \/>\n<meta name=\"author\" content=\"Jakub Stanisz\" \/>\n<meta name=\"twitter:card\" content=\"summary_large_image\" \/>\n<meta name=\"twitter:label1\" content=\"Napisane przez\" \/>\n\t<meta name=\"twitter:data1\" content=\"Jakub Stanisz\" \/>\n\t<meta name=\"twitter:label2\" content=\"Szacowany czas czytania\" \/>\n\t<meta name=\"twitter:data2\" content=\"1 minuta\" \/>\n<script type=\"application\/ld+json\" class=\"yoast-schema-graph\">{\"@context\":\"https:\/\/schema.org\",\"@graph\":[{\"@type\":\"WebPage\",\"@id\":\"https:\/\/stanro.eu\/tagliatelle-z-cukinia-i-suszonymi-pomidorami\/\",\"url\":\"https:\/\/stanro.eu\/tagliatelle-z-cukinia-i-suszonymi-pomidorami\/\",\"name\":\"Tagliatelle z cukini\u0105 i suszonymi pomidorami - MPT Stanro\",\"isPartOf\":{\"@id\":\"https:\/\/stanro.eu\/en\/#website\"},\"primaryImageOfPage\":{\"@id\":\"https:\/\/stanro.eu\/tagliatelle-z-cukinia-i-suszonymi-pomidorami\/#primaryimage\"},\"image\":{\"@id\":\"https:\/\/stanro.eu\/tagliatelle-z-cukinia-i-suszonymi-pomidorami\/#primaryimage\"},\"thumbnailUrl\":\"https:\/\/stanro.eu\/wp-content\/uploads\/2020\/04\/makaron-1.jpg\",\"datePublished\":\"2018-02-17T00:00:00+00:00\",\"dateModified\":\"2018-02-17T00:00:00+00:00\",\"author\":{\"@id\":\"https:\/\/stanro.eu\/en\/#\/schema\/person\/924fd971ccd44626a0c9e00aa67e0997\"},\"breadcrumb\":{\"@id\":\"https:\/\/stanro.eu\/tagliatelle-z-cukinia-i-suszonymi-pomidorami\/#breadcrumb\"},\"inLanguage\":\"pl-PL\",\"potentialAction\":[{\"@type\":\"ReadAction\",\"target\":[\"https:\/\/stanro.eu\/tagliatelle-z-cukinia-i-suszonymi-pomidorami\/\"]}]},{\"@type\":\"ImageObject\",\"inLanguage\":\"pl-PL\",\"@id\":\"https:\/\/stanro.eu\/tagliatelle-z-cukinia-i-suszonymi-pomidorami\/#primaryimage\",\"url\":\"https:\/\/stanro.eu\/wp-content\/uploads\/2020\/04\/makaron-1.jpg\",\"contentUrl\":\"https:\/\/stanro.eu\/wp-content\/uploads\/2020\/04\/makaron-1.jpg\",\"width\":960,\"height\":720,\"caption\":\"Makaron z warzywami i sosem pomidorowym na bia\u0142ym talerzu\"},{\"@type\":\"BreadcrumbList\",\"@id\":\"https:\/\/stanro.eu\/tagliatelle-z-cukinia-i-suszonymi-pomidorami\/#breadcrumb\",\"itemListElement\":[{\"@type\":\"ListItem\",\"position\":1,\"name\":\"Strona g\u0142\u00f3wna\",\"item\":\"https:\/\/stanro.eu\/\"},{\"@type\":\"ListItem\",\"position\":2,\"name\":\"Tagliatelle z&nbsp;cukini\u0105 i&nbsp;suszonymi pomidorami\"}]},{\"@type\":\"WebSite\",\"@id\":\"https:\/\/stanro.eu\/en\/#website\",\"url\":\"https:\/\/stanro.eu\/en\/\",\"name\":\"MPT Stanro\",\"description\":\"\",\"potentialAction\":[{\"@type\":\"SearchAction\",\"target\":{\"@type\":\"EntryPoint\",\"urlTemplate\":\"https:\/\/stanro.eu\/en\/?s={search_term_string}\"},\"query-input\":\"required name=search_term_string\"}],\"inLanguage\":\"pl-PL\"},{\"@type\":\"Person\",\"@id\":\"https:\/\/stanro.eu\/en\/#\/schema\/person\/924fd971ccd44626a0c9e00aa67e0997\",\"name\":\"Jakub Stanisz\",\"image\":{\"@type\":\"ImageObject\",\"inLanguage\":\"pl-PL\",\"@id\":\"https:\/\/stanro.eu\/en\/#\/schema\/person\/image\/\",\"url\":\"https:\/\/secure.gravatar.com\/avatar\/3dfa2aa33ac5f90263250dbbc9cff8be?s=96&d=mm&r=g\",\"contentUrl\":\"https:\/\/secure.gravatar.com\/avatar\/3dfa2aa33ac5f90263250dbbc9cff8be?s=96&d=mm&r=g\",\"caption\":\"Jakub Stanisz\"},\"url\":\"https:\/\/stanro.eu\/author\/jstanisz\/\"}]}<\/script>\n<!-- \/ Yoast SEO plugin. -->","yoast_head_json":{"title":"Tagliatelle z cukini\u0105 i suszonymi pomidorami - MPT Stanro","robots":{"index":"index","follow":"follow","max-snippet":"max-snippet:-1","max-image-preview":"max-image-preview:large","max-video-preview":"max-video-preview:-1"},"canonical":"https:\/\/stanro.eu\/tagliatelle-z-cukinia-i-suszonymi-pomidorami\/","og_locale":"pl_PL","og_type":"article","og_title":"Tagliatelle z cukini\u0105 i suszonymi pomidorami - MPT Stanro","og_description":"Szybkie i proste danie: Tagliatelle z cukini\u0105 i suszonymi pomidorami. Autorem przepisu jest Pascal Brodnicki Czas przygotowania dania 10 min. Czas gotowania: 15 min. Sk\u0142adniki: 250 g makaronu tagliatelle ugotowanego al dente wg wskaz\u00f3wek na opakowaniu 3 ma\u0142e cukinie bez pestek i bez sk\u00f3ry 150 ml g\u0119stej \u015bmietany 20 g suszonych pomidor\u00f3w &#8211; na przyk\u0142ad [&hellip;]","og_url":"https:\/\/stanro.eu\/tagliatelle-z-cukinia-i-suszonymi-pomidorami\/","og_site_name":"stanro.eu","article_published_time":"2018-02-17T00:00:00+00:00","og_image":[{"width":960,"height":720,"url":"https:\/\/stanro.eu\/wp-content\/uploads\/2020\/04\/makaron-1.jpg","type":"image\/jpeg"}],"author":"Jakub Stanisz","twitter_card":"summary_large_image","twitter_misc":{"Napisane przez":"Jakub Stanisz","Szacowany czas czytania":"1 minuta"},"schema":{"@context":"https:\/\/schema.org","@graph":[{"@type":"WebPage","@id":"https:\/\/stanro.eu\/tagliatelle-z-cukinia-i-suszonymi-pomidorami\/","url":"https:\/\/stanro.eu\/tagliatelle-z-cukinia-i-suszonymi-pomidorami\/","name":"Tagliatelle z cukini\u0105 i suszonymi pomidorami - MPT Stanro","isPartOf":{"@id":"https:\/\/stanro.eu\/en\/#website"},"primaryImageOfPage":{"@id":"https:\/\/stanro.eu\/tagliatelle-z-cukinia-i-suszonymi-pomidorami\/#primaryimage"},"image":{"@id":"https:\/\/stanro.eu\/tagliatelle-z-cukinia-i-suszonymi-pomidorami\/#primaryimage"},"thumbnailUrl":"https:\/\/stanro.eu\/wp-content\/uploads\/2020\/04\/makaron-1.jpg","datePublished":"2018-02-17T00:00:00+00:00","dateModified":"2018-02-17T00:00:00+00:00","author":{"@id":"https:\/\/stanro.eu\/en\/#\/schema\/person\/924fd971ccd44626a0c9e00aa67e0997"},"breadcrumb":{"@id":"https:\/\/stanro.eu\/tagliatelle-z-cukinia-i-suszonymi-pomidorami\/#breadcrumb"},"inLanguage":"pl-PL","potentialAction":[{"@type":"ReadAction","target":["https:\/\/stanro.eu\/tagliatelle-z-cukinia-i-suszonymi-pomidorami\/"]}]},{"@type":"ImageObject","inLanguage":"pl-PL","@id":"https:\/\/stanro.eu\/tagliatelle-z-cukinia-i-suszonymi-pomidorami\/#primaryimage","url":"https:\/\/stanro.eu\/wp-content\/uploads\/2020\/04\/makaron-1.jpg","contentUrl":"https:\/\/stanro.eu\/wp-content\/uploads\/2020\/04\/makaron-1.jpg","width":960,"height":720,"caption":"Makaron z warzywami i sosem pomidorowym na bia\u0142ym talerzu"},{"@type":"BreadcrumbList","@id":"https:\/\/stanro.eu\/tagliatelle-z-cukinia-i-suszonymi-pomidorami\/#breadcrumb","itemListElement":[{"@type":"ListItem","position":1,"name":"Strona g\u0142\u00f3wna","item":"https:\/\/stanro.eu\/"},{"@type":"ListItem","position":2,"name":"Tagliatelle z&nbsp;cukini\u0105 i&nbsp;suszonymi pomidorami"}]},{"@type":"WebSite","@id":"https:\/\/stanro.eu\/en\/#website","url":"https:\/\/stanro.eu\/en\/","name":"MPT Stanro","description":"","potentialAction":[{"@type":"SearchAction","target":{"@type":"EntryPoint","urlTemplate":"https:\/\/stanro.eu\/en\/?s={search_term_string}"},"query-input":"required name=search_term_string"}],"inLanguage":"pl-PL"},{"@type":"Person","@id":"https:\/\/stanro.eu\/en\/#\/schema\/person\/924fd971ccd44626a0c9e00aa67e0997","name":"Jakub Stanisz","image":{"@type":"ImageObject","inLanguage":"pl-PL","@id":"https:\/\/stanro.eu\/en\/#\/schema\/person\/image\/","url":"https:\/\/secure.gravatar.com\/avatar\/3dfa2aa33ac5f90263250dbbc9cff8be?s=96&d=mm&r=g","contentUrl":"https:\/\/secure.gravatar.com\/avatar\/3dfa2aa33ac5f90263250dbbc9cff8be?s=96&d=mm&r=g","caption":"Jakub Stanisz"},"url":"https:\/\/stanro.eu\/author\/jstanisz\/"}]}},"acf":[],"gutenberg_blocks":[{"blockName":"custom-styles","attrs":{"styles":""}}],"meta_data":false,"featured_image":{"url":"https:\/\/stanro.eu\/wp-content\/uploads\/2020\/04\/makaron-1.jpg"},"main_category":{"name":"Nowo\u015bci"},"prev_page":{"slug":"gotowe-dania-od-marki-virtu"},"next_page":{"slug":"walentynki"},"_links":{"self":[{"href":"https:\/\/stanro.eu\/index.php\/wp-json\/wp\/v2\/posts\/1242"}],"collection":[{"href":"https:\/\/stanro.eu\/index.php\/wp-json\/wp\/v2\/posts"}],"about":[{"href":"https:\/\/stanro.eu\/index.php\/wp-json\/wp\/v2\/types\/post"}],"author":[{"embeddable":true,"href":"https:\/\/stanro.eu\/index.php\/wp-json\/wp\/v2\/users\/2"}],"replies":[{"embeddable":true,"href":"https:\/\/stanro.eu\/index.php\/wp-json\/wp\/v2\/comments?post=1242"}],"version-history":[{"count":0,"href":"https:\/\/stanro.eu\/index.php\/wp-json\/wp\/v2\/posts\/1242\/revisions"}],"wp:featuredmedia":[{"embeddable":true,"href":"https:\/\/stanro.eu\/index.php\/wp-json\/wp\/v2\/media\/1755"}],"wp:attachment":[{"href":"https:\/\/stanro.eu\/index.php\/wp-json\/wp\/v2\/media?parent=1242"}],"wp:term":[{"taxonomy":"category","embeddable":true,"href":"https:\/\/stanro.eu\/index.php\/wp-json\/wp\/v2\/categories?post=1242"},{"taxonomy":"post_tag","embeddable":true,"href":"https:\/\/stanro.eu\/index.php\/wp-json\/wp\/v2\/tags?post=1242"}],"curies":[{"name":"wp","href":"https:\/\/api.w.org\/{rel}","templated":true}]}}